{"id":1669,"date":"2022-11-10T09:24:47","date_gmt":"2022-11-10T12:24:47","guid":{"rendered":"https:\/\/eurolatinstudies.com\/post_180\/sem-categoria\/"},"modified":"2024-04-03T12:36:25","modified_gmt":"2024-04-03T15:36:25","slug":"post_180","status":"publish","type":"post","link":"https:\/\/eurolatinstudies.com\/pt\/post_180\/","title":{"rendered":"Evento \u201cO Futuro das Rela\u00e7\u00f5es Comerciais a partir da Guerra R\u00fassia-Ucr\u00e2nia\u201d com o Embaixador da Uni\u00e3o Europeia no Brasil em Florian\u00f3polis"},"content":{"rendered":"","protected":false},"excerpt":{"rendered":"","protected":false},"author":4,"featured_media":2355,"comment_status":"closed","ping_status":"closed","sticky":false,"template":"","format":"standard","meta":{"_acf_changed":false,"om_disable_all_campaigns":false,"_uf_show_specific_survey":0,"_uf_disable_surveys":false,"footnotes":""},"categories":[48],"tags":[],"class_list":["post-1669","post","type-post","status-publish","format-standard","has-post-thumbnail","hentry","category-activities"],"acf":[],"aioseo_notices":[],"post_mailing_queue_ids":[],"_links":{"self":[{"href":"https:\/\/eurolatinstudies.com\/pt\/wp-json\/wp\/v2\/posts\/1669","targetHints":{"allow":["GET"]}}],"collection":[{"href":"https:\/\/eurolatinstudies.com\/pt\/wp-json\/wp\/v2\/posts"}],"about":[{"href":"https:\/\/eurolatinstudies.com\/pt\/wp-json\/wp\/v2\/types\/post"}],"author":[{"embeddable":true,"href":"https:\/\/eurolatinstudies.com\/pt\/wp-json\/wp\/v2\/users\/4"}],"replies":[{"embeddable":true,"href":"https:\/\/eurolatinstudies.com\/pt\/wp-json\/wp\/v2\/comments?post=1669"}],"version-history":[{"count":0,"href":"https:\/\/eurolatinstudies.com\/pt\/wp-json\/wp\/v2\/posts\/1669\/revisions"}],"wp:featuredmedia":[{"embeddable":true,"href":"https:\/\/eurolatinstudies.com\/pt\/wp-json\/wp\/v2\/media\/2355"}],"wp:attachment":[{"href":"https:\/\/eurolatinstudies.com\/pt\/wp-json\/wp\/v2\/media?parent=1669"}],"wp:term":[{"taxonomy":"category","embeddable":true,"href":"https:\/\/eurolatinstudies.com\/pt\/wp-json\/wp\/v2\/categories?post=1669"},{"taxonomy":"post_tag","embeddable":true,"href":"https:\/\/eurolatinstudies.com\/pt\/wp-json\/wp\/v2\/tags?post=1669"}],"curies":[{"name":"wp","href":"https:\/\/api.w.org\/{rel}","templated":true}]}}