{"id":9556,"date":"2025-12-02T18:24:45","date_gmt":"2025-12-02T21:24:45","guid":{"rendered":"https:\/\/eurolatinstudies.com\/?post_type=article&#038;p=9556"},"modified":"2025-12-02T18:24:45","modified_gmt":"2025-12-02T21:24:45","slug":"la-integracion-centroamericana-y-el-acuerdo-de-asociacion-entre-esa-region-y-la-union-europea","status":"publish","type":"article","link":"https:\/\/eurolatinstudies.com\/pt\/article\/la-integracion-centroamericana-y-el-acuerdo-de-asociacion-entre-esa-region-y-la-union-europea\/","title":{"rendered":"\u00a0La integraci\u00f3n Centroamericana y el acuerdo de asociaci\u00f3n entre esa regi\u00f3n y la Uni\u00f3n Europea"},"content":{"rendered":"","protected":false},"featured_media":0,"parent":0,"template":"","meta":{"_acf_changed":true,"om_disable_all_campaigns":false,"_uf_show_specific_survey":0,"_uf_disable_surveys":false},"class_list":["post-9556","article","type-article","status-publish","hentry"],"acf":[],"aioseo_notices":[],"post_mailing_queue_ids":[],"_links":{"self":[{"href":"https:\/\/eurolatinstudies.com\/pt\/wp-json\/wp\/v2\/article\/9556","targetHints":{"allow":["GET"]}}],"collection":[{"href":"https:\/\/eurolatinstudies.com\/pt\/wp-json\/wp\/v2\/article"}],"about":[{"href":"https:\/\/eurolatinstudies.com\/pt\/wp-json\/wp\/v2\/types\/article"}],"wp:attachment":[{"href":"https:\/\/eurolatinstudies.com\/pt\/wp-json\/wp\/v2\/media?parent=9556"}],"curies":[{"name":"wp","href":"https:\/\/api.w.org\/{rel}","templated":true}]}}