{"id":9502,"date":"2025-11-18T17:16:00","date_gmt":"2025-11-18T20:16:00","guid":{"rendered":"https:\/\/eurolatinstudies.com\/?post_type=article&#038;p=9502"},"modified":"2025-11-18T17:16:01","modified_gmt":"2025-11-18T20:16:01","slug":"las-reacciones-de-la-union-europea-frente-a-los-asesinatos-de-periodistas-en-mexico-durante-el-sexenio-de-enrique-pena-nieto-en-el-marco-de-la-clausula-democratica-y-de-derechos-humanos-del-acu","status":"publish","type":"article","link":"https:\/\/eurolatinstudies.com\/pt\/article\/las-reacciones-de-la-union-europea-frente-a-los-asesinatos-de-periodistas-en-mexico-durante-el-sexenio-de-enrique-pena-nieto-en-el-marco-de-la-clausula-democratica-y-de-derechos-humanos-del-acu\/","title":{"rendered":"\u00a0LAS REACCIONES DE LA UNI\u00d3N EUROPEA FRENTE A LOS ASESINATOS DE PERIODISTAS EN M\u00c9XICO DURANTE EL SEXENIO DE ENRIQUE PE\u00d1A NIETO, EN EL MARCO DE LA CL\u00c1USULA DEMOCR\u00c1TICA Y DE DERECHOS HUMANOS DEL ACUERDO GLOBAL UNI\u00d3N EUROPEA \u2013 M\u00c9XICO"},"content":{"rendered":"","protected":false},"featured_media":0,"parent":0,"template":"","meta":{"_acf_changed":true,"om_disable_all_campaigns":false,"_uf_show_specific_survey":0,"_uf_disable_surveys":false},"class_list":["post-9502","article","type-article","status-publish","hentry"],"acf":[],"aioseo_notices":[],"post_mailing_queue_ids":[],"_links":{"self":[{"href":"https:\/\/eurolatinstudies.com\/pt\/wp-json\/wp\/v2\/article\/9502","targetHints":{"allow":["GET"]}}],"collection":[{"href":"https:\/\/eurolatinstudies.com\/pt\/wp-json\/wp\/v2\/article"}],"about":[{"href":"https:\/\/eurolatinstudies.com\/pt\/wp-json\/wp\/v2\/types\/article"}],"wp:attachment":[{"href":"https:\/\/eurolatinstudies.com\/pt\/wp-json\/wp\/v2\/media?parent=9502"}],"curies":[{"name":"wp","href":"https:\/\/api.w.org\/{rel}","templated":true}]}}