{"id":6622,"date":"2024-09-30T14:00:00","date_gmt":"2024-09-30T17:00:00","guid":{"rendered":"https:\/\/eurolatinstudies.com\/?p=6622"},"modified":"2024-09-30T11:50:00","modified_gmt":"2024-09-30T14:50:00","slug":"jurisdicao-e-ambiente-noticias-do-tribunal-europeu-dos-direitos-do-homem","status":"publish","type":"post","link":"https:\/\/eurolatinstudies.com\/es\/jurisdicao-e-ambiente-noticias-do-tribunal-europeu-dos-direitos-do-homem\/","title":{"rendered":"Jurisdi\u00e7\u00e3o e ambiente : not\u00edcias do Tribunal Europeu dos Direitos do Homem"},"content":{"rendered":"","protected":false},"excerpt":{"rendered":"","protected":false},"author":608,"featured_media":6623,"comment_status":"closed","ping_status":"closed","sticky":false,"template":"","format":"standard","meta":{"_acf_changed":false,"om_disable_all_campaigns":false,"_uf_show_specific_survey":0,"_uf_disable_surveys":false,"footnotes":""},"categories":[1],"tags":[],"class_list":["post-6622","post","type-post","status-publish","format-standard","has-post-thumbnail","hentry","category-observatory"],"acf":[],"aioseo_notices":[],"post_mailing_queue_ids":[],"_links":{"self":[{"href":"https:\/\/eurolatinstudies.com\/es\/wp-json\/wp\/v2\/posts\/6622","targetHints":{"allow":["GET"]}}],"collection":[{"href":"https:\/\/eurolatinstudies.com\/es\/wp-json\/wp\/v2\/posts"}],"about":[{"href":"https:\/\/eurolatinstudies.com\/es\/wp-json\/wp\/v2\/types\/post"}],"author":[{"embeddable":true,"href":"https:\/\/eurolatinstudies.com\/es\/wp-json\/wp\/v2\/users\/608"}],"replies":[{"embeddable":true,"href":"https:\/\/eurolatinstudies.com\/es\/wp-json\/wp\/v2\/comments?post=6622"}],"version-history":[{"count":2,"href":"https:\/\/eurolatinstudies.com\/es\/wp-json\/wp\/v2\/posts\/6622\/revisions"}],"predecessor-version":[{"id":6625,"href":"https:\/\/eurolatinstudies.com\/es\/wp-json\/wp\/v2\/posts\/6622\/revisions\/6625"}],"wp:featuredmedia":[{"embeddable":true,"href":"https:\/\/eurolatinstudies.com\/es\/wp-json\/wp\/v2\/media\/6623"}],"wp:attachment":[{"href":"https:\/\/eurolatinstudies.com\/es\/wp-json\/wp\/v2\/media?parent=6622"}],"wp:term":[{"taxonomy":"category","embeddable":true,"href":"https:\/\/eurolatinstudies.com\/es\/wp-json\/wp\/v2\/categories?post=6622"},{"taxonomy":"post_tag","embeddable":true,"href":"https:\/\/eurolatinstudies.com\/es\/wp-json\/wp\/v2\/tags?post=6622"}],"curies":[{"name":"wp","href":"https:\/\/api.w.org\/{rel}","templated":true}]}}