{"id":6357,"date":"2024-07-23T13:05:53","date_gmt":"2024-07-23T16:05:53","guid":{"rendered":"https:\/\/eurolatinstudies.com\/?p=6357"},"modified":"2024-07-24T11:02:15","modified_gmt":"2024-07-24T14:02:15","slug":"book-launch-a-globalizacao-do-poder-regulatorio-da-uniao-europeia","status":"publish","type":"post","link":"https:\/\/eurolatinstudies.com\/es\/book-launch-a-globalizacao-do-poder-regulatorio-da-uniao-europeia\/","title":{"rendered":"Book Launch:\u00a0 \u201cA Globaliza\u00e7\u00e3o do Poder Regulat\u00f3rio da Uni\u00e3o Europeia\u201d"},"content":{"rendered":"","protected":false},"excerpt":{"rendered":"","protected":false},"author":4,"featured_media":6358,"comment_status":"closed","ping_status":"closed","sticky":false,"template":"","format":"standard","meta":{"_acf_changed":false,"om_disable_all_campaigns":false,"_uf_show_specific_survey":0,"_uf_disable_surveys":false,"footnotes":""},"categories":[48],"tags":[],"class_list":["post-6357","post","type-post","status-publish","format-standard","has-post-thumbnail","hentry","category-activities"],"acf":[],"aioseo_notices":[],"post_mailing_queue_ids":[],"_links":{"self":[{"href":"https:\/\/eurolatinstudies.com\/es\/wp-json\/wp\/v2\/posts\/6357","targetHints":{"allow":["GET"]}}],"collection":[{"href":"https:\/\/eurolatinstudies.com\/es\/wp-json\/wp\/v2\/posts"}],"about":[{"href":"https:\/\/eurolatinstudies.com\/es\/wp-json\/wp\/v2\/types\/post"}],"author":[{"embeddable":true,"href":"https:\/\/eurolatinstudies.com\/es\/wp-json\/wp\/v2\/users\/4"}],"replies":[{"embeddable":true,"href":"https:\/\/eurolatinstudies.com\/es\/wp-json\/wp\/v2\/comments?post=6357"}],"version-history":[{"count":1,"href":"https:\/\/eurolatinstudies.com\/es\/wp-json\/wp\/v2\/posts\/6357\/revisions"}],"predecessor-version":[{"id":6359,"href":"https:\/\/eurolatinstudies.com\/es\/wp-json\/wp\/v2\/posts\/6357\/revisions\/6359"}],"wp:featuredmedia":[{"embeddable":true,"href":"https:\/\/eurolatinstudies.com\/es\/wp-json\/wp\/v2\/media\/6358"}],"wp:attachment":[{"href":"https:\/\/eurolatinstudies.com\/es\/wp-json\/wp\/v2\/media?parent=6357"}],"wp:term":[{"taxonomy":"category","embeddable":true,"href":"https:\/\/eurolatinstudies.com\/es\/wp-json\/wp\/v2\/categories?post=6357"},{"taxonomy":"post_tag","embeddable":true,"href":"https:\/\/eurolatinstudies.com\/es\/wp-json\/wp\/v2\/tags?post=6357"}],"curies":[{"name":"wp","href":"https:\/\/api.w.org\/{rel}","templated":true}]}}