{"id":9486,"date":"2025-11-17T11:02:11","date_gmt":"2025-11-17T14:02:11","guid":{"rendered":"https:\/\/eurolatinstudies.com\/?post_type=article&#038;p=9486"},"modified":"2025-11-17T11:02:11","modified_gmt":"2025-11-17T14:02:11","slug":"protecao-de-dados-neurais-na-uniao-europeia","status":"publish","type":"article","link":"https:\/\/eurolatinstudies.com\/es\/article\/protecao-de-dados-neurais-na-uniao-europeia\/","title":{"rendered":"PROTE\u00c7\u00c3O DE DADOS NEURAIS NA UNI\u00c3O EUROPEIA:"},"content":{"rendered":"","protected":false},"featured_media":0,"parent":0,"template":"","meta":{"_acf_changed":true,"om_disable_all_campaigns":false,"_uf_show_specific_survey":0,"_uf_disable_surveys":false},"class_list":["post-9486","article","type-article","status-publish","hentry"],"acf":[],"aioseo_notices":[],"post_mailing_queue_ids":[],"_links":{"self":[{"href":"https:\/\/eurolatinstudies.com\/es\/wp-json\/wp\/v2\/article\/9486","targetHints":{"allow":["GET"]}}],"collection":[{"href":"https:\/\/eurolatinstudies.com\/es\/wp-json\/wp\/v2\/article"}],"about":[{"href":"https:\/\/eurolatinstudies.com\/es\/wp-json\/wp\/v2\/types\/article"}],"wp:attachment":[{"href":"https:\/\/eurolatinstudies.com\/es\/wp-json\/wp\/v2\/media?parent=9486"}],"curies":[{"name":"wp","href":"https:\/\/api.w.org\/{rel}","templated":true}]}}