{"id":6634,"date":"2024-10-07T10:00:00","date_gmt":"2024-10-07T13:00:00","guid":{"rendered":"https:\/\/eurolatinstudies.com\/?p=6634"},"modified":"2024-10-06T22:24:45","modified_gmt":"2024-10-07T01:24:45","slug":"desalojo-de-la-sede-de-la-federacion-shuar-un-ataque-a-la-constitucion-de-la-republica-del-ecuador-y-la-autodeterminacion-de-los-pueblos-y-nacionalidades-indigenas","status":"publish","type":"post","link":"https:\/\/eurolatinstudies.com\/en\/desalojo-de-la-sede-de-la-federacion-shuar-un-ataque-a-la-constitucion-de-la-republica-del-ecuador-y-la-autodeterminacion-de-los-pueblos-y-nacionalidades-indigenas\/","title":{"rendered":"Desalojo de la Sede de la Federaci\u00f3n Shuar: Un ataque a la Constituci\u00f3n de la Rep\u00fablica del Ecuador y la Autodeterminaci\u00f3n de los Pueblos y Nacionalidades Ind\u00edgenas"},"content":{"rendered":"","protected":false},"excerpt":{"rendered":"","protected":false},"author":608,"featured_media":6635,"comment_status":"closed","ping_status":"closed","sticky":false,"template":"","format":"standard","meta":{"_acf_changed":false,"om_disable_all_campaigns":false,"_uf_show_specific_survey":0,"_uf_disable_surveys":false,"footnotes":""},"categories":[1],"tags":[],"class_list":["post-6634","post","type-post","status-publish","format-standard","has-post-thumbnail","hentry","category-observatory"],"acf":[],"aioseo_notices":[],"post_mailing_queue_ids":[],"_links":{"self":[{"href":"https:\/\/eurolatinstudies.com\/en\/wp-json\/wp\/v2\/posts\/6634","targetHints":{"allow":["GET"]}}],"collection":[{"href":"https:\/\/eurolatinstudies.com\/en\/wp-json\/wp\/v2\/posts"}],"about":[{"href":"https:\/\/eurolatinstudies.com\/en\/wp-json\/wp\/v2\/types\/post"}],"author":[{"embeddable":true,"href":"https:\/\/eurolatinstudies.com\/en\/wp-json\/wp\/v2\/users\/608"}],"replies":[{"embeddable":true,"href":"https:\/\/eurolatinstudies.com\/en\/wp-json\/wp\/v2\/comments?post=6634"}],"version-history":[{"count":2,"href":"https:\/\/eurolatinstudies.com\/en\/wp-json\/wp\/v2\/posts\/6634\/revisions"}],"predecessor-version":[{"id":6637,"href":"https:\/\/eurolatinstudies.com\/en\/wp-json\/wp\/v2\/posts\/6634\/revisions\/6637"}],"wp:featuredmedia":[{"embeddable":true,"href":"https:\/\/eurolatinstudies.com\/en\/wp-json\/wp\/v2\/media\/6635"}],"wp:attachment":[{"href":"https:\/\/eurolatinstudies.com\/en\/wp-json\/wp\/v2\/media?parent=6634"}],"wp:term":[{"taxonomy":"category","embeddable":true,"href":"https:\/\/eurolatinstudies.com\/en\/wp-json\/wp\/v2\/categories?post=6634"},{"taxonomy":"post_tag","embeddable":true,"href":"https:\/\/eurolatinstudies.com\/en\/wp-json\/wp\/v2\/tags?post=6634"}],"curies":[{"name":"wp","href":"https:\/\/api.w.org\/{rel}","templated":true}]}}