{"id":1754,"date":"2023-11-09T09:29:05","date_gmt":"2023-11-09T12:29:05","guid":{"rendered":"https:\/\/eurolatinstudies.com\/post_263\/sem-categoria\/"},"modified":"2024-04-05T19:10:42","modified_gmt":"2024-04-05T22:10:42","slug":"post_263","status":"publish","type":"post","link":"https:\/\/eurolatinstudies.com\/en\/post_263\/","title":{"rendered":"Crise migrat\u00f3ria e TJUE \u2013 com o Ac\u00f3rd\u00e3o ADDE e outros (C-143\/22) os ju\u00edzes de Luxemburgo condenam as decis\u00f5es de recusa de entrada de imigrantes irregulares nas fronteiras internas da Uni\u00e3o"},"content":{"rendered":"","protected":false},"excerpt":{"rendered":"","protected":false},"author":4,"featured_media":2473,"comment_status":"closed","ping_status":"closed","sticky":false,"template":"","format":"standard","meta":{"_acf_changed":false,"om_disable_all_campaigns":false,"_uf_show_specific_survey":0,"_uf_disable_surveys":false,"footnotes":""},"categories":[1],"tags":[],"class_list":["post-1754","post","type-post","status-publish","format-standard","has-post-thumbnail","hentry","category-observatory"],"acf":[],"aioseo_notices":[],"post_mailing_queue_ids":[],"_links":{"self":[{"href":"https:\/\/eurolatinstudies.com\/en\/wp-json\/wp\/v2\/posts\/1754","targetHints":{"allow":["GET"]}}],"collection":[{"href":"https:\/\/eurolatinstudies.com\/en\/wp-json\/wp\/v2\/posts"}],"about":[{"href":"https:\/\/eurolatinstudies.com\/en\/wp-json\/wp\/v2\/types\/post"}],"author":[{"embeddable":true,"href":"https:\/\/eurolatinstudies.com\/en\/wp-json\/wp\/v2\/users\/4"}],"replies":[{"embeddable":true,"href":"https:\/\/eurolatinstudies.com\/en\/wp-json\/wp\/v2\/comments?post=1754"}],"version-history":[{"count":2,"href":"https:\/\/eurolatinstudies.com\/en\/wp-json\/wp\/v2\/posts\/1754\/revisions"}],"predecessor-version":[{"id":5220,"href":"https:\/\/eurolatinstudies.com\/en\/wp-json\/wp\/v2\/posts\/1754\/revisions\/5220"}],"wp:featuredmedia":[{"embeddable":true,"href":"https:\/\/eurolatinstudies.com\/en\/wp-json\/wp\/v2\/media\/2473"}],"wp:attachment":[{"href":"https:\/\/eurolatinstudies.com\/en\/wp-json\/wp\/v2\/media?parent=1754"}],"wp:term":[{"taxonomy":"category","embeddable":true,"href":"https:\/\/eurolatinstudies.com\/en\/wp-json\/wp\/v2\/categories?post=1754"},{"taxonomy":"post_tag","embeddable":true,"href":"https:\/\/eurolatinstudies.com\/en\/wp-json\/wp\/v2\/tags?post=1754"}],"curies":[{"name":"wp","href":"https:\/\/api.w.org\/{rel}","templated":true}]}}